{"id":937,"date":"2024-09-25T19:52:16","date_gmt":"2024-09-25T19:52:16","guid":{"rendered":"https:\/\/pax.com.pl\/?p=937"},"modified":"2024-09-25T19:52:16","modified_gmt":"2024-09-25T19:52:16","slug":"protokol-z-dnia-24-09-2024-r-z-zebrania-wlascicieli-lokali-przy-ul-stryjenskich-19","status":"publish","type":"post","link":"https:\/\/pax.com.pl\/index.php\/2024\/09\/25\/protokol-z-dnia-24-09-2024-r-z-zebrania-wlascicieli-lokali-przy-ul-stryjenskich-19\/","title":{"rendered":"Protok\u00f3\u0142 z dnia 24.09.2024 r. z zebrania W\u0142a\u015bcicieli lokali przy ul. Stryje\u0144skich 19"},"content":{"rendered":"\n<p>Szanowni Pa\u0144stwo,<\/p>\n\n\n\n<p>Wszystkich zainteresowanych zapraszamy do zapoznania si\u0119 z dokumentem.<\/p>\n\n\n\n<div class=\"wp-block-file\"><a id=\"wp-block-file--media-2381ee28-36de-44f5-ad45-f3c43b74ca83\" href=\"https:\/\/pax.com.pl\/wp-content\/uploads\/2024\/09\/Protokol-z-dnia-24.09.2024-z-zebrania-Wlascicieli-lokali-przy-ul.-Stryjenskich-19.pdf\">Protok\u00f3\u0142 z dnia 24.09.2024 r. z zebrania W\u0142a\u015bcicieli lokali przy ul. Stryje\u0144skich 19<\/a><a href=\"https:\/\/pax.com.pl\/wp-content\/uploads\/2024\/09\/Protokol-z-dnia-24.09.2024-z-zebrania-Wlascicieli-lokali-przy-ul.-Stryjenskich-19.pdf\" class=\"wp-block-file__button wp-element-button\" download aria-describedby=\"wp-block-file--media-2381ee28-36de-44f5-ad45-f3c43b74ca83\">Pobierz<\/a><\/div>\n\n\n\n<p><\/p>\n","protected":false},"excerpt":{"rendered":"<p>Szanowni Pa\u0144stwo, Wszystkich zainteresowanych zapraszamy do zapoznania si\u0119 z dokumentem.<\/p>\n","protected":false},"author":1,"featured_media":0,"comment_status":"closed","ping_status":"","sticky":false,"template":"","format":"standard","meta":{"footnotes":""},"categories":[5,16],"tags":[],"class_list":["post-937","post","type-post","status-publish","format-standard","hentry","category-informacje","category-wrzesien-2024"],"_links":{"self":[{"href":"https:\/\/pax.com.pl\/index.php\/wp-json\/wp\/v2\/posts\/937","targetHints":{"allow":["GET"]}}],"collection":[{"href":"https:\/\/pax.com.pl\/index.php\/wp-json\/wp\/v2\/posts"}],"about":[{"href":"https:\/\/pax.com.pl\/index.php\/wp-json\/wp\/v2\/types\/post"}],"author":[{"embeddable":true,"href":"https:\/\/pax.com.pl\/index.php\/wp-json\/wp\/v2\/users\/1"}],"replies":[{"embeddable":true,"href":"https:\/\/pax.com.pl\/index.php\/wp-json\/wp\/v2\/comments?post=937"}],"version-history":[{"count":1,"href":"https:\/\/pax.com.pl\/index.php\/wp-json\/wp\/v2\/posts\/937\/revisions"}],"predecessor-version":[{"id":939,"href":"https:\/\/pax.com.pl\/index.php\/wp-json\/wp\/v2\/posts\/937\/revisions\/939"}],"wp:attachment":[{"href":"https:\/\/pax.com.pl\/index.php\/wp-json\/wp\/v2\/media?parent=937"}],"wp:term":[{"taxonomy":"category","embeddable":true,"href":"https:\/\/pax.com.pl\/index.php\/wp-json\/wp\/v2\/categories?post=937"},{"taxonomy":"post_tag","embeddable":true,"href":"https:\/\/pax.com.pl\/index.php\/wp-json\/wp\/v2\/tags?post=937"}],"curies":[{"name":"wp","href":"https:\/\/api.w.org\/{rel}","templated":true}]}}