{"id":2608,"date":"2026-01-22T08:51:18","date_gmt":"2026-01-22T08:51:18","guid":{"rendered":"https:\/\/pax.com.pl\/?p=2608"},"modified":"2026-01-22T08:51:18","modified_gmt":"2026-01-22T08:51:18","slug":"ul-rzymowskiego-19-prace-hydrauliczne-informacja","status":"publish","type":"post","link":"https:\/\/pax.com.pl\/index.php\/2026\/01\/22\/ul-rzymowskiego-19-prace-hydrauliczne-informacja\/","title":{"rendered":"ul. Rzymowskiego 19 &#8211; prace hydrauliczne &#8211; informacja"},"content":{"rendered":"\n<p><strong>Szanowni Mieszka\u0144cy budynku przy ul. Rzymowskiego 19,<\/strong><\/p>\n\n\n\n<p>w zwi\u0105zku z planowanymi pracami hydraulicznymi (wymiana zawor\u00f3w podpionowych, wymiana kolektora wej\u015bciowego zestawu hydroforowego) prowadzonymi przez konserwatora firm\u0119 Hydro Invest s.c., nast\u0105pi przerwa w dostawie wody ciep\u0142ej &nbsp;&nbsp;&nbsp;&nbsp;&nbsp;&nbsp;&nbsp;&nbsp;&nbsp;&nbsp;i zimnej do lokali<\/p>\n\n\n\n<p>w dniu:<strong><u>28.01.2026 r.(\u015broda)w godz. 8:00 \u201316:00<\/u><\/strong><\/p>\n\n\n\n<p>Prosimy o zwr\u00f3cenie uwagi na zakr\u0119cenie kran\u00f3w w lokalach.<\/p>\n\n\n\n<p>Przepraszamy za utrudnienia.<\/p>\n\n\n\n<div class=\"wp-block-file\"><a id=\"wp-block-file--media-5f425a42-f62a-47ac-978b-a8dc5a53a31b\" href=\"https:\/\/pax.com.pl\/wp-content\/uploads\/2026\/01\/1859_001.pdf\">ul. Rzymowskiego 19 &#8211; prace hydrauliczne &#8211; informacja<\/a><a href=\"https:\/\/pax.com.pl\/wp-content\/uploads\/2026\/01\/1859_001.pdf\" class=\"wp-block-file__button wp-element-button\" download aria-describedby=\"wp-block-file--media-5f425a42-f62a-47ac-978b-a8dc5a53a31b\">Pobierz<\/a><\/div>\n","protected":false},"excerpt":{"rendered":"<p>Szanowni Mieszka\u0144cy budynku przy ul. Rzymowskiego 19, w zwi\u0105zku z planowanymi pracami hydraulicznymi (wymiana zawor\u00f3w podpionowych, wymiana kolektora wej\u015bciowego zestawu hydroforowego) prowadzonymi przez konserwatora firm\u0119 Hydro Invest s.c., nast\u0105pi przerwa w dostawie wody ciep\u0142ej &nbsp;&nbsp;&nbsp;&nbsp;&nbsp;&nbsp;&nbsp;&nbsp;&nbsp;&nbsp;i zimnej do lokali w dniu:28.01.2026 r.(\u015broda)w godz. 8:00 \u201316:00 Prosimy o zwr\u00f3cenie uwagi na zakr\u0119cenie kran\u00f3w w lokalach. Przepraszamy za [&hellip;]<\/p>\n","protected":false},"author":1,"featured_media":0,"comment_status":"closed","ping_status":"closed","sticky":false,"template":"","format":"standard","meta":{"footnotes":""},"categories":[5,35],"tags":[],"class_list":["post-2608","post","type-post","status-publish","format-standard","hentry","category-informacje","category-styczen-2026"],"_links":{"self":[{"href":"https:\/\/pax.com.pl\/index.php\/wp-json\/wp\/v2\/posts\/2608","targetHints":{"allow":["GET"]}}],"collection":[{"href":"https:\/\/pax.com.pl\/index.php\/wp-json\/wp\/v2\/posts"}],"about":[{"href":"https:\/\/pax.com.pl\/index.php\/wp-json\/wp\/v2\/types\/post"}],"author":[{"embeddable":true,"href":"https:\/\/pax.com.pl\/index.php\/wp-json\/wp\/v2\/users\/1"}],"replies":[{"embeddable":true,"href":"https:\/\/pax.com.pl\/index.php\/wp-json\/wp\/v2\/comments?post=2608"}],"version-history":[{"count":1,"href":"https:\/\/pax.com.pl\/index.php\/wp-json\/wp\/v2\/posts\/2608\/revisions"}],"predecessor-version":[{"id":2610,"href":"https:\/\/pax.com.pl\/index.php\/wp-json\/wp\/v2\/posts\/2608\/revisions\/2610"}],"wp:attachment":[{"href":"https:\/\/pax.com.pl\/index.php\/wp-json\/wp\/v2\/media?parent=2608"}],"wp:term":[{"taxonomy":"category","embeddable":true,"href":"https:\/\/pax.com.pl\/index.php\/wp-json\/wp\/v2\/categories?post=2608"},{"taxonomy":"post_tag","embeddable":true,"href":"https:\/\/pax.com.pl\/index.php\/wp-json\/wp\/v2\/tags?post=2608"}],"curies":[{"name":"wp","href":"https:\/\/api.w.org\/{rel}","templated":true}]}}