{"id":2305,"date":"2025-10-23T10:57:19","date_gmt":"2025-10-23T10:57:19","guid":{"rendered":"https:\/\/pax.com.pl\/?p=2305"},"modified":"2025-10-24T08:11:28","modified_gmt":"2025-10-24T08:11:28","slug":"bitwy-warszawskiej-1920-r-nr-18-protokol-z-zebrania-z-dnia-14-10-2025-r","status":"publish","type":"post","link":"https:\/\/pax.com.pl\/index.php\/2025\/10\/23\/bitwy-warszawskiej-1920-r-nr-18-protokol-z-zebrania-z-dnia-14-10-2025-r\/","title":{"rendered":"Protok\u00f3\u0142 z dnia 14.10.2025 r. z zebrania W\u0142a\u015bcicieli lokali w nieruchomo\u015bci przy ul. Bitwy Warszawskiej 1920 r."},"content":{"rendered":"\n<p><strong>Szanowni Pa\u0144stwo<\/strong>,<\/p>\n\n\n\n<p>w za\u0142\u0105czeniu przesy\u0142amy skan Protoko\u0142u z zebrania z dnia 14.10.2025 r. W\u0142a\u015bcicieli lokali w nieruchomo\u015bci przy ul. Bitwy Warszawskiej 1920 r. nr 18 w Warszawie.<\/p>\n\n\n\n<div class=\"wp-block-file\"><a id=\"wp-block-file--media-fe9f7a4e-7abb-45bb-861d-9b1b0bdd6cf5\" href=\"https:\/\/pax.com.pl\/wp-content\/uploads\/2025\/10\/BITWY-18-PROTOKOL-z-zebrania-z-dnia-14.10.2025-r.pdf\">Protok\u00f3\u0142 z dnia 14.10.2025 r. z zebrania W\u0142a\u015bcicieli lokali w nieruchomo\u015bci przy ul. Bitwy Warszawskiej 1920 r.<\/a><a href=\"https:\/\/pax.com.pl\/wp-content\/uploads\/2025\/10\/BITWY-18-PROTOKOL-z-zebrania-z-dnia-14.10.2025-r.pdf\" class=\"wp-block-file__button wp-element-button\" download aria-describedby=\"wp-block-file--media-fe9f7a4e-7abb-45bb-861d-9b1b0bdd6cf5\">Pobierz<\/a><\/div>\n","protected":false},"excerpt":{"rendered":"<p>Szanowni Pa\u0144stwo, w za\u0142\u0105czeniu przesy\u0142amy skan Protoko\u0142u z zebrania z dnia 14.10.2025 r. W\u0142a\u015bcicieli lokali w nieruchomo\u015bci przy ul. Bitwy Warszawskiej 1920 r. nr 18 w Warszawie.<\/p>\n","protected":false},"author":1,"featured_media":0,"comment_status":"closed","ping_status":"closed","sticky":false,"template":"","format":"standard","meta":{"footnotes":""},"categories":[5,32],"tags":[],"class_list":["post-2305","post","type-post","status-publish","format-standard","hentry","category-informacje","category-pazdziernik-2025"],"_links":{"self":[{"href":"https:\/\/pax.com.pl\/index.php\/wp-json\/wp\/v2\/posts\/2305","targetHints":{"allow":["GET"]}}],"collection":[{"href":"https:\/\/pax.com.pl\/index.php\/wp-json\/wp\/v2\/posts"}],"about":[{"href":"https:\/\/pax.com.pl\/index.php\/wp-json\/wp\/v2\/types\/post"}],"author":[{"embeddable":true,"href":"https:\/\/pax.com.pl\/index.php\/wp-json\/wp\/v2\/users\/1"}],"replies":[{"embeddable":true,"href":"https:\/\/pax.com.pl\/index.php\/wp-json\/wp\/v2\/comments?post=2305"}],"version-history":[{"count":2,"href":"https:\/\/pax.com.pl\/index.php\/wp-json\/wp\/v2\/posts\/2305\/revisions"}],"predecessor-version":[{"id":2326,"href":"https:\/\/pax.com.pl\/index.php\/wp-json\/wp\/v2\/posts\/2305\/revisions\/2326"}],"wp:attachment":[{"href":"https:\/\/pax.com.pl\/index.php\/wp-json\/wp\/v2\/media?parent=2305"}],"wp:term":[{"taxonomy":"category","embeddable":true,"href":"https:\/\/pax.com.pl\/index.php\/wp-json\/wp\/v2\/categories?post=2305"},{"taxonomy":"post_tag","embeddable":true,"href":"https:\/\/pax.com.pl\/index.php\/wp-json\/wp\/v2\/tags?post=2305"}],"curies":[{"name":"wp","href":"https:\/\/api.w.org\/{rel}","templated":true}]}}