{"id":2303,"date":"2025-10-20T11:15:49","date_gmt":"2025-10-20T11:15:49","guid":{"rendered":"https:\/\/pax.com.pl\/?p=2303"},"modified":"2025-10-20T11:15:49","modified_gmt":"2025-10-20T11:15:49","slug":"al-stanow-zjednoczonych-72-zamknecie-bramy-garazowej-nr-3-22-10-2025-r-godz-900-1200","status":"publish","type":"post","link":"https:\/\/pax.com.pl\/index.php\/2025\/10\/20\/al-stanow-zjednoczonych-72-zamknecie-bramy-garazowej-nr-3-22-10-2025-r-godz-900-1200\/","title":{"rendered":"Al. Stan\u00f3w Zjednoczonych 72 \u2013 zamkn\u0119cie bramy gara\u017cowej nr 3 \u2013 22.10.2025 r. godz. 9:00 &#8211; 12:00"},"content":{"rendered":"\n<p><strong>Szanowni Pa\u0144stwo<\/strong>,<\/p>\n\n\n\n<p>w najbli\u017csz\u0105 \u015brod\u0119 (22.10.2025 r.) w godzinach 9:00 \u2013 12:00 prowadzona b\u0119dzie naprawa bramy gara\u017cowej nr 3.<\/p>\n\n\n\n<p>W zwi\u0105zku z powy\u017cszym brama b\u0119dzie wy\u0142\u0105czona z ruchu. Prosimy o korzystanie z bram (wjazdowej i wyjazdowej) znajduj\u0105cych si\u0119 przy komorze \u015bmietnikowej.<\/p>\n\n\n\n<p>Prace prowadzi\u0107 b\u0119dzie firma WICHERS Sp. z o.o.<\/p>\n\n\n\n<p><\/p>\n","protected":false},"excerpt":{"rendered":"<p>Szanowni Pa\u0144stwo, w najbli\u017csz\u0105 \u015brod\u0119 (22.10.2025 r.) w godzinach 9:00 \u2013 12:00 prowadzona b\u0119dzie naprawa bramy gara\u017cowej nr 3. W zwi\u0105zku z powy\u017cszym brama b\u0119dzie wy\u0142\u0105czona z ruchu. Prosimy o korzystanie z bram (wjazdowej i wyjazdowej) znajduj\u0105cych si\u0119 przy komorze \u015bmietnikowej. Prace prowadzi\u0107 b\u0119dzie firma WICHERS Sp. z o.o.<\/p>\n","protected":false},"author":1,"featured_media":0,"comment_status":"closed","ping_status":"closed","sticky":false,"template":"","format":"standard","meta":{"footnotes":""},"categories":[5,32],"tags":[],"class_list":["post-2303","post","type-post","status-publish","format-standard","hentry","category-informacje","category-pazdziernik-2025"],"_links":{"self":[{"href":"https:\/\/pax.com.pl\/index.php\/wp-json\/wp\/v2\/posts\/2303","targetHints":{"allow":["GET"]}}],"collection":[{"href":"https:\/\/pax.com.pl\/index.php\/wp-json\/wp\/v2\/posts"}],"about":[{"href":"https:\/\/pax.com.pl\/index.php\/wp-json\/wp\/v2\/types\/post"}],"author":[{"embeddable":true,"href":"https:\/\/pax.com.pl\/index.php\/wp-json\/wp\/v2\/users\/1"}],"replies":[{"embeddable":true,"href":"https:\/\/pax.com.pl\/index.php\/wp-json\/wp\/v2\/comments?post=2303"}],"version-history":[{"count":1,"href":"https:\/\/pax.com.pl\/index.php\/wp-json\/wp\/v2\/posts\/2303\/revisions"}],"predecessor-version":[{"id":2304,"href":"https:\/\/pax.com.pl\/index.php\/wp-json\/wp\/v2\/posts\/2303\/revisions\/2304"}],"wp:attachment":[{"href":"https:\/\/pax.com.pl\/index.php\/wp-json\/wp\/v2\/media?parent=2303"}],"wp:term":[{"taxonomy":"category","embeddable":true,"href":"https:\/\/pax.com.pl\/index.php\/wp-json\/wp\/v2\/categories?post=2303"},{"taxonomy":"post_tag","embeddable":true,"href":"https:\/\/pax.com.pl\/index.php\/wp-json\/wp\/v2\/tags?post=2303"}],"curies":[{"name":"wp","href":"https:\/\/api.w.org\/{rel}","templated":true}]}}