{"id":1618,"date":"2025-05-08T07:10:29","date_gmt":"2025-05-08T07:10:29","guid":{"rendered":"https:\/\/pax.com.pl\/?p=1618"},"modified":"2025-05-08T07:10:29","modified_gmt":"2025-05-08T07:10:29","slug":"bitwy-warszawskiej-1920-r-nr-18-mycie-garazy-14-15-05-2025-r","status":"publish","type":"post","link":"https:\/\/pax.com.pl\/index.php\/2025\/05\/08\/bitwy-warszawskiej-1920-r-nr-18-mycie-garazy-14-15-05-2025-r\/","title":{"rendered":"Bitwy Warszawskiej 1920 r. nr 18 \u2013 mycie gara\u017cy \u2013 14-15.05.2025 r."},"content":{"rendered":"\n<p><strong>Szanowni Pa\u0144stwo<\/strong>,<\/p>\n\n\n\n<p>W dniach <strong>14 <\/strong>i<strong> 15 maja br<\/strong>. (\u015broda, czwartek) prowadzone b\u0119dzie przez firm\u0119 FIT OUT SERVICE Jaros\u0142aw Kozie\u0142 <strong>mechaniczne czyszczenie powierzchni obu gara\u017cy<\/strong>.<\/p>\n\n\n\n<p>Prace prowadzone b\u0119d\u0105 wed\u0142ug nast\u0119puj\u0105cego harmonogramu:<\/p>\n\n\n\n<p>&#8211; <strong>14 maja br. (\u015broda)<\/strong> w godz. <strong>12<sup>00<\/sup><\/strong> \u2013 <strong>14<sup>00<\/sup> \u2013 gara\u017c zewn\u0119trzny g\u00f3rny<\/strong>,<\/p>\n\n\n\n<p><strong>&#8211; 14 maja br. (\u015broda)<\/strong> w godz. <strong>14<sup>00<\/sup><\/strong> \u2013 <strong>16<sup>00<\/sup> \u2013 gara\u017c zewn\u0119trzny dolny<\/strong>,<\/p>\n\n\n\n<p>&#8211; <strong>15 maja br. (czwartek)<\/strong> w godz. <strong>12<sup>00<\/sup><\/strong> \u2013 <strong>16<sup>00<\/sup> \u2013 gara\u017c wewn\u0119trzny pod budynkiem<\/strong>.<\/p>\n\n\n\n<p><strong>Prosimy o uprz\u0105tni\u0119cie miejsc postojowych z postawionych tam rzeczy oraz wystawienie pojazd\u00f3w na zewn\u0105trz gara\u017cy w wy\u017cej wymienionych dniach i godzinach.<\/strong><\/p>\n\n\n\n<p>W pierwszej kolejno\u015bci b\u0119d\u0105 myte miejsca postojowe, nast\u0119pnie alejki dojazdowe, zjazdy, wyjazdy itp. a na samym ko\u0144cu (mycie r\u0119czne) miejsca trudno dost\u0119pne dla maszyny.<\/p>\n\n\n\n<p>Przypominamy, \u017ce w Rozporz\u0105dzeniu Ministra Infrastruktury z dnia 12.04.2002 r. w sprawie warunk\u00f3w technicznych, jakim powinny odpowiada\u0107 budynki i ich usytuowanie, wskazano:<\/p>\n\n\n\n<ul class=\"wp-block-list\">\n<li><strong>gara\u017c nie s\u0142u\u017cy do magazynowania r\u00f3\u017cnego rodzaju przedmiot\u00f3w czy materia\u0142\u00f3w<\/strong>,<\/li>\n\n\n\n<li><strong>niedozwolone jest sk\u0142adowanie materia\u0142\u00f3w palnych i \u0142atwopalnych, takich jak paliwo, oleje, farby, opakowania, kartony, papier, tkaniny oraz meble, p\u0142yty drewnopochodne<\/strong>.<\/li>\n<\/ul>\n\n\n\n<p>Nieprzestrzeganie przepis\u00f3w o zakazie sk\u0142adowania przedmiot\u00f3w mog\u0105cych utrudni\u0107 akcj\u0119 ratunkow\u0105 i ga\u015bnicz\u0105 mo\u017ce wi\u0105za\u0107 si\u0119 z&nbsp;mandatami karnymi w&nbsp;wysoko\u015bci do&nbsp;500,00 z\u0142otych.<\/p>\n\n\n\n<p>W przypadku niezastosowania si\u0119 do przepis\u00f3w w\u0142a\u015bciciele ponosz\u0105 pe\u0142n\u0105 odpowiedzialno\u015b\u0107 za ewentualne szkody, jakie mog\u0105 powsta\u0107 w wyniku spowodowanego zagro\u017cenia po\u017carowego.<\/p>\n\n\n\n<div class=\"wp-block-file\"><a id=\"wp-block-file--media-ea7c1c54-b1e2-41c9-b743-0591743947f1\" href=\"https:\/\/pax.com.pl\/wp-content\/uploads\/2025\/05\/Bitwy-Warszawskiej-18-Mycie-garazu.pdf\">Bitwy Warszawskiej 18 &#8211; Mycie gara\u017cu<\/a><a href=\"https:\/\/pax.com.pl\/wp-content\/uploads\/2025\/05\/Bitwy-Warszawskiej-18-Mycie-garazu.pdf\" class=\"wp-block-file__button wp-element-button\" download aria-describedby=\"wp-block-file--media-ea7c1c54-b1e2-41c9-b743-0591743947f1\">Pobierz<\/a><\/div>\n","protected":false},"excerpt":{"rendered":"<p>Szanowni Pa\u0144stwo, W dniach 14 i 15 maja br. (\u015broda, czwartek) prowadzone b\u0119dzie przez firm\u0119 FIT OUT SERVICE Jaros\u0142aw Kozie\u0142 mechaniczne czyszczenie powierzchni obu gara\u017cy. Prace prowadzone b\u0119d\u0105 wed\u0142ug nast\u0119puj\u0105cego harmonogramu: &#8211; 14 maja br. (\u015broda) w godz. 1200 \u2013 1400 \u2013 gara\u017c zewn\u0119trzny g\u00f3rny, &#8211; 14 maja br. (\u015broda) w godz. 1400 \u2013 1600 [&hellip;]<\/p>\n","protected":false},"author":1,"featured_media":0,"comment_status":"closed","ping_status":"","sticky":false,"template":"","format":"standard","meta":{"footnotes":""},"categories":[5,24],"tags":[],"class_list":["post-1618","post","type-post","status-publish","format-standard","hentry","category-informacje","category-maj-2025"],"_links":{"self":[{"href":"https:\/\/pax.com.pl\/index.php\/wp-json\/wp\/v2\/posts\/1618","targetHints":{"allow":["GET"]}}],"collection":[{"href":"https:\/\/pax.com.pl\/index.php\/wp-json\/wp\/v2\/posts"}],"about":[{"href":"https:\/\/pax.com.pl\/index.php\/wp-json\/wp\/v2\/types\/post"}],"author":[{"embeddable":true,"href":"https:\/\/pax.com.pl\/index.php\/wp-json\/wp\/v2\/users\/1"}],"replies":[{"embeddable":true,"href":"https:\/\/pax.com.pl\/index.php\/wp-json\/wp\/v2\/comments?post=1618"}],"version-history":[{"count":1,"href":"https:\/\/pax.com.pl\/index.php\/wp-json\/wp\/v2\/posts\/1618\/revisions"}],"predecessor-version":[{"id":1620,"href":"https:\/\/pax.com.pl\/index.php\/wp-json\/wp\/v2\/posts\/1618\/revisions\/1620"}],"wp:attachment":[{"href":"https:\/\/pax.com.pl\/index.php\/wp-json\/wp\/v2\/media?parent=1618"}],"wp:term":[{"taxonomy":"category","embeddable":true,"href":"https:\/\/pax.com.pl\/index.php\/wp-json\/wp\/v2\/categories?post=1618"},{"taxonomy":"post_tag","embeddable":true,"href":"https:\/\/pax.com.pl\/index.php\/wp-json\/wp\/v2\/tags?post=1618"}],"curies":[{"name":"wp","href":"https:\/\/api.w.org\/{rel}","templated":true}]}}