{"id":1605,"date":"2025-05-05T10:37:59","date_gmt":"2025-05-05T10:37:59","guid":{"rendered":"https:\/\/pax.com.pl\/?p=1605"},"modified":"2025-05-05T10:37:59","modified_gmt":"2025-05-05T10:37:59","slug":"zasoby-s-m-pax-centralne-ogrzewanie-wylaczenie-ogloszenie-2","status":"publish","type":"post","link":"https:\/\/pax.com.pl\/index.php\/2025\/05\/05\/zasoby-s-m-pax-centralne-ogrzewanie-wylaczenie-ogloszenie-2\/","title":{"rendered":"Zasoby S.M. &#8222;PAX&#8221; \u2013 centralne ogrzewanie \u2013 wy\u0142\u0105czenie \u2013 og\u0142oszenie"},"content":{"rendered":"\n<p><strong>Szanowni Pa\u0144stwo<\/strong>,<\/p>\n\n\n\n<p>w nawi\u0105zaniu do informacji z dnia 28.04.2025 r. w sprawie wy\u0142\u0105czenia centralnego ogrzewania w zasobach budynkowych S.M. &#8222;PAX&#8221; w upad\u0142o\u015bci, uprzejmie informujemy, \u017ce maj\u0105c na uwadze prognozowane na stronie IMGW (<a href=\"https:\/\/meteo.imgw.pl\/\">METEO IMGW-PIB | Serwis pogodowy<\/a>) aktualne warunki pogodowe, Sp\u00f3\u0142dzielnia podj\u0119\u0142a decyzj\u0119 o przesuni\u0119ciu terminu wy\u0142\u0105czenia centralnego ogrzewania w zasobach budynkowych na dzie\u0144 12 maja br. (poniedzia\u0142ek).<\/p>\n\n\n\n<p>Dodatkowo Informujemy, \u017ce wy\u0142\u0105czenie centralnego ogrzewania nie b\u0119dzie mia\u0142o wp\u0142ywu na zapewnienie dost\u0119pu ciep\u0142ej wody do Pa\u0144stwa lokali.<\/p>\n","protected":false},"excerpt":{"rendered":"<p>Szanowni Pa\u0144stwo, w nawi\u0105zaniu do informacji z dnia 28.04.2025 r. w sprawie wy\u0142\u0105czenia centralnego ogrzewania w zasobach budynkowych S.M. &#8222;PAX&#8221; w upad\u0142o\u015bci, uprzejmie informujemy, \u017ce maj\u0105c na uwadze prognozowane na stronie IMGW (METEO IMGW-PIB | Serwis pogodowy) aktualne warunki pogodowe, Sp\u00f3\u0142dzielnia podj\u0119\u0142a decyzj\u0119 o przesuni\u0119ciu terminu wy\u0142\u0105czenia centralnego ogrzewania w zasobach budynkowych na dzie\u0144 12 [&hellip;]<\/p>\n","protected":false},"author":1,"featured_media":0,"comment_status":"closed","ping_status":"","sticky":false,"template":"","format":"standard","meta":{"footnotes":""},"categories":[5,24],"tags":[],"class_list":["post-1605","post","type-post","status-publish","format-standard","hentry","category-informacje","category-maj-2025"],"_links":{"self":[{"href":"https:\/\/pax.com.pl\/index.php\/wp-json\/wp\/v2\/posts\/1605","targetHints":{"allow":["GET"]}}],"collection":[{"href":"https:\/\/pax.com.pl\/index.php\/wp-json\/wp\/v2\/posts"}],"about":[{"href":"https:\/\/pax.com.pl\/index.php\/wp-json\/wp\/v2\/types\/post"}],"author":[{"embeddable":true,"href":"https:\/\/pax.com.pl\/index.php\/wp-json\/wp\/v2\/users\/1"}],"replies":[{"embeddable":true,"href":"https:\/\/pax.com.pl\/index.php\/wp-json\/wp\/v2\/comments?post=1605"}],"version-history":[{"count":1,"href":"https:\/\/pax.com.pl\/index.php\/wp-json\/wp\/v2\/posts\/1605\/revisions"}],"predecessor-version":[{"id":1606,"href":"https:\/\/pax.com.pl\/index.php\/wp-json\/wp\/v2\/posts\/1605\/revisions\/1606"}],"wp:attachment":[{"href":"https:\/\/pax.com.pl\/index.php\/wp-json\/wp\/v2\/media?parent=1605"}],"wp:term":[{"taxonomy":"category","embeddable":true,"href":"https:\/\/pax.com.pl\/index.php\/wp-json\/wp\/v2\/categories?post=1605"},{"taxonomy":"post_tag","embeddable":true,"href":"https:\/\/pax.com.pl\/index.php\/wp-json\/wp\/v2\/tags?post=1605"}],"curies":[{"name":"wp","href":"https:\/\/api.w.org\/{rel}","templated":true}]}}