{"id":1408,"date":"2025-02-24T12:24:17","date_gmt":"2025-02-24T12:24:17","guid":{"rendered":"https:\/\/pax.com.pl\/?p=1408"},"modified":"2025-02-24T12:24:17","modified_gmt":"2025-02-24T12:24:17","slug":"al-stanow-zjednoczonych-72-brak-wody-27-02-2025-r","status":"publish","type":"post","link":"https:\/\/pax.com.pl\/index.php\/2025\/02\/24\/al-stanow-zjednoczonych-72-brak-wody-27-02-2025-r\/","title":{"rendered":"Al. Stan\u00f3w Zjednoczonych 72 &#8211; brak wody \u2013 27.02.2025 r."},"content":{"rendered":"\n<p><strong>Szanowni Pa\u0144stwo<\/strong>,<\/p>\n\n\n\n<p>w dniu <strong>27 lutego br<\/strong>. (czwartek) w godz. <strong>12<sup>00<\/sup> <\/strong>\u2013 <strong>13<sup>00<\/sup><\/strong> nast\u0105pi <strong>przerwa w dostawie ciep\u0142ej i zimnej wody do lokali mieszkalnych i u\u017cytkowych<\/strong>, z uwagi na konieczno\u015b\u0107 przeprowadzenia przez MPWiK<br>Sp. z o.o. prac konserwacyjnych przy wodomierzu g\u0142\u00f3wnym.<\/p>\n\n\n\n<p><strong>Prosimy o zwr\u00f3cenie szczeg\u00f3lnej uwagi na zakr\u0119cenie kran\u00f3w<\/strong>.<\/p>\n\n\n\n<div class=\"wp-block-file\"><a id=\"wp-block-file--media-c33cb0bd-9adb-4aa3-856f-3a77dc81f91e\" href=\"https:\/\/pax.com.pl\/wp-content\/uploads\/2025\/02\/Al.-Stanow-Zjednoczonych-72-brak-wody-27.02.2025-r-2.pdf\">Al. Stan\u00f3w Zjednoczonych 72 &#8211; brak wody &#8211; 27.02.2025 r.<\/a><a href=\"https:\/\/pax.com.pl\/wp-content\/uploads\/2025\/02\/Al.-Stanow-Zjednoczonych-72-brak-wody-27.02.2025-r-2.pdf\" class=\"wp-block-file__button wp-element-button\" download aria-describedby=\"wp-block-file--media-c33cb0bd-9adb-4aa3-856f-3a77dc81f91e\">Pobierz<\/a><\/div>\n","protected":false},"excerpt":{"rendered":"<p>Szanowni Pa\u0144stwo, w dniu 27 lutego br. (czwartek) w godz. 1200 \u2013 1300 nast\u0105pi przerwa w dostawie ciep\u0142ej i zimnej wody do lokali mieszkalnych i u\u017cytkowych, z uwagi na konieczno\u015b\u0107 przeprowadzenia przez MPWiKSp. z o.o. prac konserwacyjnych przy wodomierzu g\u0142\u00f3wnym. Prosimy o zwr\u00f3cenie szczeg\u00f3lnej uwagi na zakr\u0119cenie kran\u00f3w.<\/p>\n","protected":false},"author":1,"featured_media":0,"comment_status":"closed","ping_status":"","sticky":false,"template":"","format":"standard","meta":{"footnotes":""},"categories":[5,21],"tags":[],"class_list":["post-1408","post","type-post","status-publish","format-standard","hentry","category-informacje","category-luty-2025"],"_links":{"self":[{"href":"https:\/\/pax.com.pl\/index.php\/wp-json\/wp\/v2\/posts\/1408","targetHints":{"allow":["GET"]}}],"collection":[{"href":"https:\/\/pax.com.pl\/index.php\/wp-json\/wp\/v2\/posts"}],"about":[{"href":"https:\/\/pax.com.pl\/index.php\/wp-json\/wp\/v2\/types\/post"}],"author":[{"embeddable":true,"href":"https:\/\/pax.com.pl\/index.php\/wp-json\/wp\/v2\/users\/1"}],"replies":[{"embeddable":true,"href":"https:\/\/pax.com.pl\/index.php\/wp-json\/wp\/v2\/comments?post=1408"}],"version-history":[{"count":1,"href":"https:\/\/pax.com.pl\/index.php\/wp-json\/wp\/v2\/posts\/1408\/revisions"}],"predecessor-version":[{"id":1413,"href":"https:\/\/pax.com.pl\/index.php\/wp-json\/wp\/v2\/posts\/1408\/revisions\/1413"}],"wp:attachment":[{"href":"https:\/\/pax.com.pl\/index.php\/wp-json\/wp\/v2\/media?parent=1408"}],"wp:term":[{"taxonomy":"category","embeddable":true,"href":"https:\/\/pax.com.pl\/index.php\/wp-json\/wp\/v2\/categories?post=1408"},{"taxonomy":"post_tag","embeddable":true,"href":"https:\/\/pax.com.pl\/index.php\/wp-json\/wp\/v2\/tags?post=1408"}],"curies":[{"name":"wp","href":"https:\/\/api.w.org\/{rel}","templated":true}]}}